{"id":3529,"date":"2026-09-03T15:46:05","date_gmt":"2026-09-03T13:46:05","guid":{"rendered":"https:\/\/fundcapp.org\/es\/?p=3529"},"modified":"2026-09-03T15:49:22","modified_gmt":"2026-09-03T13:49:22","slug":"gaza-educacion-vuelta-al-cole","status":"publish","type":"post","link":"https:\/\/fundcapp.org\/es\/gaza-educacion-vuelta-al-cole\/","title":{"rendered":"Gaza: tres a\u00f1os sin colegio para 700.000 ni\u00f1os y ni\u00f1as palestinos"},"content":{"rendered":"\n<p class=\"wp-block-paragraph\">Para la mayor\u00eda de los ni\u00f1os, volver al colegio es sin\u00f3nimo de cuadernos nuevos, reencuentros con amigos y la ilusi\u00f3n de empezar curso. En Gaza, en cambio, esa escena lleva tres a\u00f1os sin poder repetirse. El genocidio cometido por Israel contra la poblaci\u00f3n gazat\u00ed les ha arrebatado algo tan sencillo como sentarse de nuevo en un pupitre.<\/p>\n\n\n\n<p class=\"wp-block-paragraph\">La devastaci\u00f3n de estos a\u00f1os ha golpeado cada rinc\u00f3n de la vida en Gaza, y la infancia ha cargado con la peor parte: ni\u00f1os y ni\u00f1as asesinados, heridos, desplazados de sus casas, convertidos en hu\u00e9rfanos o simplemente privados de lo esencial \u2014comida, atenci\u00f3n m\u00e9dica, protecci\u00f3n y, por supuesto, <strong>educaci\u00f3n<\/strong>.<\/p>\n\n\n\n<h2 class=\"wp-block-heading\">Escuelas destruidas, futuro interrumpido<\/h2>\n\n\n\n<p class=\"wp-block-paragraph\">Las escuelas y la infraestructura educativa no se han librado de esta destrucci\u00f3n. Los n\u00fameros, por s\u00ed solos, ya dicen mucho:<\/p>\n\n\n\n<ul class=\"wp-block-list\">\n<li><strong>700.000 ni\u00f1os y ni\u00f1as<\/strong> llevan <strong>tres cursos completos<\/strong> sin pisar un aula en Gaza.<\/li>\n\n\n\n<li>El <strong>98&nbsp;% de los centros escolares<\/strong> ha quedado da\u00f1ado o directamente reducido a escombros.<\/li>\n\n\n\n<li>Hoy, unos <strong>420.000 menores<\/strong> siguen sin ninguna forma de educaci\u00f3n presencial.<\/li>\n<\/ul>\n\n\n\n<p class=\"wp-block-paragraph\">Cada una de esas cifras esconde una historia de violencia, desarraigo y p\u00e9rdida. Y detr\u00e1s de todas ellas, sigue habiendo cientos de miles de cr\u00edos esperando algo tan elemental como volver a aprender.<\/p>\n\n\n<div class=\"wp-block-image\">\n<figure class=\"aligncenter size-large\"><img decoding=\"async\" src=\"https:\/\/fundcapp.org\/es\/wp-content\/uploads\/2026\/05\/ninos-en-un-aula-de-la-escuela-secundaria-beit-lahia-en-el-norte-de-gaza-donde-profesores-voluntarios-atienden-a-400-desplazados-el-pasado-abril.jpg\" alt=\"Ni\u00f1os y ni\u00f1as en un aula improvisada de la escuela secundaria de Beit Lahia, norte de Gaza, atendidos por profesores voluntarios\"\/><figcaption class=\"wp-element-caption\">Aula improvisada en la escuela secundaria de Beit Lahia (norte de Gaza), donde profesores voluntarios atienden a menores desplazados.<\/figcaption><\/figure>\n<\/div>\n\n\n<h2 class=\"wp-block-heading\">Cuando se destruye una escuela, se destruye mucho m\u00e1s que un edificio<\/h2>\n\n\n\n<p class=\"wp-block-paragraph\">No basta con contar edificios ca\u00eddos para entender el alcance del da\u00f1o. Lo que est\u00e1 en juego es el desarrollo, la vida cotidiana y el futuro entero de una generaci\u00f3n de ni\u00f1os gazat\u00edes. Muchos han visto desaparecer su casa, su barrio y su colegio en cuesti\u00f3n de d\u00edas; otros tantos han perdido a familiares, profesores o amigos que formaban parte de su d\u00eda a d\u00eda.<\/p>\n\n\n\n<p class=\"wp-block-paragraph\">Un colegio nunca ha sido solo el lugar donde se aprenden matem\u00e1ticas o idiomas. Es, sobre todo, un refugio: un espacio de protecci\u00f3n, rutina y convivencia que, en medio de una emergencia como esta, ayuda a los m\u00e1s peque\u00f1os a sentir algo parecido a la normalidad y a seguir imaginando un futuro posible.<\/p>\n\n\n\n<p class=\"wp-block-paragraph\">Por eso, cuando cae una escuela, no cae solo un edificio. Desaparece un espacio seguro. Se corta de ra\u00edz el aprendizaje. Se frena el desarrollo de ni\u00f1os y ni\u00f1as en plena formaci\u00f3n. Y se hipotecan las oportunidades de toda una generaci\u00f3n.<\/p>\n\n\n\n<p class=\"wp-block-paragraph\"><em>Defender la educaci\u00f3n en Gaza es, en el fondo, defender la infancia, su dignidad y su derecho a tener un ma\u00f1ana.<\/em><\/p>\n\n\n\n<h2 class=\"wp-block-heading\">Una generaci\u00f3n que no puede permitirse seguir esperando<\/h2>\n\n\n\n<p class=\"wp-block-paragraph\">Cada curso que se pierde hace m\u00e1s profunda una crisis educativa que, con el tiempo, resultar\u00e1 cada vez m\u00e1s dif\u00edcil de revertir. A los ni\u00f1os y ni\u00f1as de Gaza no les bastar\u00e1 con ver reconstruidas sus casas y sus barrios: tendr\u00e1n que recuperar a\u00f1os enteros de aprendizaje, volver a levantar sus escuelas, sanar heridas provocadas por la violencia y encontrar de nuevo las condiciones m\u00ednimas para poder estudiar.<\/p>\n\n\n\n<p class=\"wp-block-paragraph\">Reconstruir Gaza tendr\u00e1 que significar tambi\u00e9n reconstruir su sistema educativo, su tejido social y, en \u00faltima instancia, a su gente. Ning\u00fan ni\u00f1o deber\u00eda crecer rodeado de escombros. Ninguno deber\u00eda pasar a\u00f1os sin volver a entrar en un aula. Y ning\u00fan conflicto tendr\u00eda que condenar a una generaci\u00f3n entera a perder el derecho a aprender.<\/p>\n\n\n\n<h2 class=\"wp-block-heading\">Una vuelta al cole igual de dif\u00edcil en Cisjordania y en L\u00edbano<\/h2>\n\n\n\n<p class=\"wp-block-paragraph\">La crisis educativa palestina no se queda en Gaza. En <strong>Cisjordania<\/strong> y en los <strong>campos de refugiados palestinos en L\u00edbano<\/strong>, muchas familias tambi\u00e9n luchan cada septiembre contra la falta de recursos para cubrir lo m\u00e1s b\u00e1sico del inicio de curso. Una mochila, unos cuadernos, un uniforme: cosas que en otro contexto pasar\u00edan desapercibidas, hoy suponen un esfuerzo econ\u00f3mico enorme para buena parte de estas familias.<\/p>\n\n\n\n<p class=\"wp-block-paragraph\">Por eso, desde <strong>Fundaci\u00f3n CAPP \u2013 Comit\u00e9 de Apoyo al Pueblo Palestino<\/strong>, volvemos a poner en marcha nuestra campa\u00f1a <strong>Vuelta al Cole 2026\/2027<\/strong>, pensada para acompa\u00f1ar a ni\u00f1os y ni\u00f1as de Gaza, Cisjordania y los campamentos de refugiados palestinos en L\u00edbano.<\/p>\n\n\n\n<p class=\"wp-block-paragraph\">El objetivo es simple de explicar, aunque no de lograr: que ning\u00fan ni\u00f1o se quede sin aprender solo porque su familia no puede pagar el material escolar.<\/p>\n\n\n\n<h2 class=\"wp-block-heading\">Una mochila puede ser mucho m\u00e1s que una mochila<\/h2>\n\n\n\n<p class=\"wp-block-paragraph\">Con esta campa\u00f1a entregamos mochilas, material escolar y otros recursos educativos b\u00e1sicos, dando prioridad a los menores de las familias que atraviesan las situaciones m\u00e1s vulnerables.<\/p>\n\n\n\n<p class=\"wp-block-paragraph\">Cuando el contexto lo permite, compramos ese material sobre el terreno, junto a nuestros equipos locales. De esa forma no solo cubrimos una necesidad educativa: tambi\u00e9n inyectamos algo de actividad econ\u00f3mica en el peque\u00f1o comercio y en las comunidades donde trabajamos.<\/p>\n\n\n\n<p class=\"wp-block-paragraph\">Puede parecer poco: una mochila, unos cuadernos, unos l\u00e1pices. Pero ah\u00ed dentro cabe mucho m\u00e1s:<\/p>\n\n\n\n<ul class=\"wp-block-list\">\n<li>Un ni\u00f1o que vuelve a sentirse estudiante.<\/li>\n\n\n\n<li>Una ni\u00f1a que puede seguir aprendiendo.<\/li>\n\n\n\n<li>Una familia que comprueba que no est\u00e1 sola en esto.<\/li>\n\n\n\n<li>Una forma concreta de plantar cara a quienes est\u00e1n arrasando las condiciones que hacen posible la educaci\u00f3n.<\/li>\n<\/ul>\n\n\n\n<h2 class=\"wp-block-heading\">Educar tambi\u00e9n es reconstruir<\/h2>\n\n\n\n<p class=\"wp-block-paragraph\">Reconstruir Palestina no va a limitarse a levantar de nuevo lo que ha sido destruido. Habr\u00e1 que reconstruir escuelas, recuperar oportunidades educativas, acompa\u00f1ar a una infancia marcada por a\u00f1os de violencia y devolver a cientos de miles de ni\u00f1os y ni\u00f1as la posibilidad de estudiar, de crecer y de decidir su propio camino.<\/p>\n\n\n\n<p class=\"wp-block-paragraph\">Levantar una escuela es levantar una comunidad. Entregar material escolar es sostener la continuidad del aprendizaje. Ayudar a un ni\u00f1o a volver a las clases es apostar por su futuro justo cuando todo parece empe\u00f1ado en arrebat\u00e1rselo.<\/p>\n\n\n\n<p class=\"wp-block-paragraph\">En Fundaci\u00f3n CAPP trabajamos desde hace a\u00f1os junto a las comunidades palestinas, con equipos propios sobre el terreno que garantizan que la ayuda llega donde realmente hace falta. Frente a las consecuencias del genocidio contra el pueblo gazat\u00ed, nuestro compromiso con la infancia y con su derecho a la educaci\u00f3n no ha sido nunca tan urgente como ahora.<\/p>\n\n\n\n<h2 class=\"wp-block-heading\">S\u00famate a la campa\u00f1a Vuelta al Cole<\/h2>\n\n\n\n<p class=\"wp-block-paragraph\">Este curso puedes ayudarnos a llenar de futuro sus mochilas. Cada aportaci\u00f3n se traduce en material escolar y apoyo educativo real para ni\u00f1os y ni\u00f1as de Gaza, Cisjordania y los campos de refugiados palestinos en L\u00edbano.<\/p>\n\n\n\n<p class=\"wp-block-paragraph\">Frente a la destrucci\u00f3n, apostemos por la educaci\u00f3n. Frente a un presente marcado por el genocidio, protejamos el futuro de la infancia palestina. Ning\u00fan ni\u00f1o deber\u00eda perder el derecho a aprender.<\/p>\n\n\n\n<p class=\"has-text-align-center wp-block-paragraph\"><strong>Palestina vuelve al cole. Ay\u00fadanos a que nadie se quede fuera.<\/strong><\/p>\n\n\n\n<div class=\"wp-block-buttons is-content-justification-center is-layout-flex wp-container-core-buttons-is-layout-fe48e5de wp-block-buttons-is-layout-flex\">\n<div class=\"wp-block-button\"><a class=\"wp-block-button__link wp-element-button\" href=\"https:\/\/fundcapp.org\/es\/vuelta-al-cole\/\">Haz tu donaci\u00f3n y s\u00famate a la campa\u00f1a Vuelta al Cole<\/a><\/div>\n<\/div>\n\n\n\n<p class=\"wp-block-paragraph\"><em>Una mochila no va a devolverle a un ni\u00f1o todo lo que ha perdido. Pero s\u00ed puede ayudarle a seguir aprendiendo, a recuperar parte de su rutina y a mantener abierta una puerta hacia el futuro.<\/em><\/p>\n","protected":false},"excerpt":{"rendered":"<p>Para la mayor\u00eda de los ni\u00f1os, volver al colegio es sin\u00f3nimo de cuadernos nuevos, reencuentros con amigos y la ilusi\u00f3n de empezar curso. En Gaza, en cambio, esa escena lleva tres a\u00f1os sin poder repetirse. El genocidio cometido por Israel contra la poblaci\u00f3n gazat\u00ed les ha arrebatado algo tan sencillo como sentarse de nuevo en &#8230; <a title=\"Gaza: tres a\u00f1os sin colegio para 700.000 ni\u00f1os y ni\u00f1as palestinos\" class=\"read-more\" href=\"https:\/\/fundcapp.org\/es\/gaza-educacion-vuelta-al-cole\/\" aria-label=\"Leer m\u00e1s sobre Gaza: tres a\u00f1os sin colegio para 700.000 ni\u00f1os y ni\u00f1as palestinos\">Leer m\u00e1s<\/a><\/p>\n","protected":false},"author":3,"featured_media":3531,"comment_status":"open","ping_status":"open","sticky":false,"template":"","format":"standard","meta":{"give_campaign_id":0,"footnotes":""},"categories":[64,13],"tags":[],"class_list":["post-3529","post","type-post","status-publish","format-standard","has-post-thumbnail","hentry","category-actualidad","category-campanas"],"yoast_head":"<!-- This site is optimized with the Yoast SEO Premium plugin v27.5 (Yoast SEO v28.4) - https:\/\/yoast.com\/product\/yoast-seo-premium-wordpress\/ -->\n<title>Educaci\u00f3n en Gaza: 420.000 Ni\u00f1os Sin Colegio | CAPP<\/title>\n<meta name=\"description\" content=\"En Gaza, 420.000 ni\u00f1os y ni\u00f1as llevan tres a\u00f1os sin colegio. Descubre la crisis educativa palestina y c\u00f3mo ayudar con la campa\u00f1a Vuelta al Cole de CAPP.\" \/>\n<meta name=\"robots\" content=\"index, follow, max-snippet:-1, max-image-preview:large, max-video-preview:-1\" \/>\n<link rel=\"canonical\" href=\"https:\/\/fundcapp.org\/es\/gaza-educacion-vuelta-al-cole\/\" \/>\n<meta property=\"og:locale\" content=\"es_ES\" \/>\n<meta property=\"og:type\" content=\"article\" \/>\n<meta property=\"og:title\" content=\"Gaza: tres a\u00f1os sin colegio para 700.000 ni\u00f1os y ni\u00f1as palestinos\" \/>\n<meta property=\"og:description\" content=\"En Gaza, 420.000 ni\u00f1os y ni\u00f1as llevan tres a\u00f1os sin colegio. Descubre la crisis educativa palestina y c\u00f3mo ayudar con la campa\u00f1a Vuelta al Cole de CAPP.\" \/>\n<meta property=\"og:url\" content=\"https:\/\/fundcapp.org\/es\/gaza-educacion-vuelta-al-cole\/\" \/>\n<meta property=\"og:site_name\" content=\"Fundaci\u00f3n Comit\u00e9 de Apoyo al Pueblo Palestino\" \/>\n<meta property=\"article:published_time\" content=\"2026-09-03T13:46:05+00:00\" \/>\n<meta property=\"article:modified_time\" content=\"2026-09-03T13:49:22+00:00\" \/>\n<meta property=\"og:image\" content=\"https:\/\/fundcapp.org\/es\/wp-content\/uploads\/2026\/09\/vuelta-al-cole-capp.jpg\" \/>\n\t<meta property=\"og:image:width\" content=\"1080\" \/>\n\t<meta property=\"og:image:height\" content=\"1350\" \/>\n\t<meta property=\"og:image:type\" content=\"image\/jpeg\" \/>\n<meta name=\"author\" content=\"Fundcapp\" \/>\n<meta name=\"twitter:card\" content=\"summary_large_image\" \/>\n<meta name=\"twitter:label1\" content=\"Escrito por\" \/>\n\t<meta name=\"twitter:data1\" content=\"Fundcapp\" \/>\n\t<meta name=\"twitter:label2\" content=\"Tiempo de lectura\" \/>\n\t<meta name=\"twitter:data2\" content=\"6 minutos\" \/>\n<script type=\"application\/ld+json\" class=\"yoast-schema-graph\">{\"@context\":\"https:\\\/\\\/schema.org\",\"@graph\":[{\"@type\":\"Article\",\"@id\":\"https:\\\/\\\/fundcapp.org\\\/es\\\/gaza-educacion-vuelta-al-cole\\\/#article\",\"isPartOf\":{\"@id\":\"https:\\\/\\\/fundcapp.org\\\/es\\\/gaza-educacion-vuelta-al-cole\\\/\"},\"author\":{\"name\":\"Fundcapp\",\"@id\":\"https:\\\/\\\/fundcapp.org\\\/es\\\/#\\\/schema\\\/person\\\/562506461bfa4aba692df42665d6a1f9\"},\"headline\":\"Gaza: tres a\u00f1os sin colegio para 700.000 ni\u00f1os y ni\u00f1as palestinos\",\"datePublished\":\"2026-09-03T13:46:05+00:00\",\"dateModified\":\"2026-09-03T13:49:22+00:00\",\"mainEntityOfPage\":{\"@id\":\"https:\\\/\\\/fundcapp.org\\\/es\\\/gaza-educacion-vuelta-al-cole\\\/\"},\"wordCount\":1233,\"commentCount\":0,\"publisher\":{\"@id\":\"https:\\\/\\\/fundcapp.org\\\/es\\\/#organization\"},\"image\":{\"@id\":\"https:\\\/\\\/fundcapp.org\\\/es\\\/gaza-educacion-vuelta-al-cole\\\/#primaryimage\"},\"thumbnailUrl\":\"https:\\\/\\\/fundcapp.org\\\/es\\\/wp-content\\\/uploads\\\/2026\\\/09\\\/vuelta-al-cole-capp.jpg\",\"articleSection\":[\"Actualidad\",\"Campa\u00f1as\"],\"inLanguage\":\"es\",\"potentialAction\":[{\"@type\":\"CommentAction\",\"name\":\"Comment\",\"target\":[\"https:\\\/\\\/fundcapp.org\\\/es\\\/gaza-educacion-vuelta-al-cole\\\/#respond\"]}]},{\"@type\":\"WebPage\",\"@id\":\"https:\\\/\\\/fundcapp.org\\\/es\\\/gaza-educacion-vuelta-al-cole\\\/\",\"url\":\"https:\\\/\\\/fundcapp.org\\\/es\\\/gaza-educacion-vuelta-al-cole\\\/\",\"name\":\"Educaci\u00f3n en Gaza: 420.000 Ni\u00f1os Sin Colegio | CAPP\",\"isPartOf\":{\"@id\":\"https:\\\/\\\/fundcapp.org\\\/es\\\/#website\"},\"primaryImageOfPage\":{\"@id\":\"https:\\\/\\\/fundcapp.org\\\/es\\\/gaza-educacion-vuelta-al-cole\\\/#primaryimage\"},\"image\":{\"@id\":\"https:\\\/\\\/fundcapp.org\\\/es\\\/gaza-educacion-vuelta-al-cole\\\/#primaryimage\"},\"thumbnailUrl\":\"https:\\\/\\\/fundcapp.org\\\/es\\\/wp-content\\\/uploads\\\/2026\\\/09\\\/vuelta-al-cole-capp.jpg\",\"datePublished\":\"2026-09-03T13:46:05+00:00\",\"dateModified\":\"2026-09-03T13:49:22+00:00\",\"description\":\"En Gaza, 420.000 ni\u00f1os y ni\u00f1as llevan tres a\u00f1os sin colegio. Descubre la crisis educativa palestina y c\u00f3mo ayudar con la campa\u00f1a Vuelta al Cole de CAPP.\",\"breadcrumb\":{\"@id\":\"https:\\\/\\\/fundcapp.org\\\/es\\\/gaza-educacion-vuelta-al-cole\\\/#breadcrumb\"},\"inLanguage\":\"es\",\"potentialAction\":[{\"@type\":\"ReadAction\",\"target\":[\"https:\\\/\\\/fundcapp.org\\\/es\\\/gaza-educacion-vuelta-al-cole\\\/\"]}]},{\"@type\":\"ImageObject\",\"inLanguage\":\"es\",\"@id\":\"https:\\\/\\\/fundcapp.org\\\/es\\\/gaza-educacion-vuelta-al-cole\\\/#primaryimage\",\"url\":\"https:\\\/\\\/fundcapp.org\\\/es\\\/wp-content\\\/uploads\\\/2026\\\/09\\\/vuelta-al-cole-capp.jpg\",\"contentUrl\":\"https:\\\/\\\/fundcapp.org\\\/es\\\/wp-content\\\/uploads\\\/2026\\\/09\\\/vuelta-al-cole-capp.jpg\",\"width\":1080,\"height\":1350,\"caption\":\"Infograf\u00eda de la campa\u00f1a Vuelta al Cole de Fundaci\u00f3n CAPP: 420.000 ni\u00f1os y ni\u00f1as de Gaza sin educaci\u00f3n presencial y el 98% de las escuelas da\u00f1adas\"},{\"@type\":\"BreadcrumbList\",\"@id\":\"https:\\\/\\\/fundcapp.org\\\/es\\\/gaza-educacion-vuelta-al-cole\\\/#breadcrumb\",\"itemListElement\":[{\"@type\":\"ListItem\",\"position\":1,\"name\":\"Home\",\"item\":\"https:\\\/\\\/fundcapp.org\\\/es\\\/\"},{\"@type\":\"ListItem\",\"position\":2,\"name\":\"Gaza: tres a\u00f1os sin colegio para 700.000 ni\u00f1os y ni\u00f1as palestinos\"}]},{\"@type\":\"WebSite\",\"@id\":\"https:\\\/\\\/fundcapp.org\\\/es\\\/#website\",\"url\":\"https:\\\/\\\/fundcapp.org\\\/es\\\/\",\"name\":\"Fundaci\u00f3n Comit\u00e9 de Apoyo al Pueblo Palestino\",\"description\":\"\",\"publisher\":{\"@id\":\"https:\\\/\\\/fundcapp.org\\\/es\\\/#organization\"},\"potentialAction\":[{\"@type\":\"SearchAction\",\"target\":{\"@type\":\"EntryPoint\",\"urlTemplate\":\"https:\\\/\\\/fundcapp.org\\\/es\\\/?s={search_term_string}\"},\"query-input\":{\"@type\":\"PropertyValueSpecification\",\"valueRequired\":true,\"valueName\":\"search_term_string\"}}],\"inLanguage\":\"es\"},{\"@type\":\"Organization\",\"@id\":\"https:\\\/\\\/fundcapp.org\\\/es\\\/#organization\",\"name\":\"Fundaci\u00f3n Comit\u00e9 de Apoyo al Pueblo Palestino\",\"url\":\"https:\\\/\\\/fundcapp.org\\\/es\\\/\",\"logo\":{\"@type\":\"ImageObject\",\"inLanguage\":\"es\",\"@id\":\"https:\\\/\\\/fundcapp.org\\\/es\\\/#\\\/schema\\\/logo\\\/image\\\/\",\"url\":\"https:\\\/\\\/fundcapp.org\\\/es\\\/wp-content\\\/uploads\\\/2026\\\/01\\\/CAPPLogo.png\",\"contentUrl\":\"https:\\\/\\\/fundcapp.org\\\/es\\\/wp-content\\\/uploads\\\/2026\\\/01\\\/CAPPLogo.png\",\"width\":138,\"height\":100,\"caption\":\"Fundaci\u00f3n Comit\u00e9 de Apoyo al Pueblo Palestino\"},\"image\":{\"@id\":\"https:\\\/\\\/fundcapp.org\\\/es\\\/#\\\/schema\\\/logo\\\/image\\\/\"}},{\"@type\":\"Person\",\"@id\":\"https:\\\/\\\/fundcapp.org\\\/es\\\/#\\\/schema\\\/person\\\/562506461bfa4aba692df42665d6a1f9\",\"name\":\"Fundcapp\",\"image\":{\"@type\":\"ImageObject\",\"inLanguage\":\"es\",\"@id\":\"https:\\\/\\\/secure.gravatar.com\\\/avatar\\\/18bd86158028f5b236e029fb83febaf6dcfb9c45b647576dc8df486a6b6a8654?s=96&d=mm&r=g\",\"url\":\"https:\\\/\\\/secure.gravatar.com\\\/avatar\\\/18bd86158028f5b236e029fb83febaf6dcfb9c45b647576dc8df486a6b6a8654?s=96&d=mm&r=g\",\"contentUrl\":\"https:\\\/\\\/secure.gravatar.com\\\/avatar\\\/18bd86158028f5b236e029fb83febaf6dcfb9c45b647576dc8df486a6b6a8654?s=96&d=mm&r=g\",\"caption\":\"Fundcapp\"},\"url\":\"https:\\\/\\\/fundcapp.org\\\/es\\\/author\\\/fundcapp\\\/\"}]}<\/script>\n<!-- \/ Yoast SEO Premium plugin. -->","yoast_head_json":{"title":"Educaci\u00f3n en Gaza: 420.000 Ni\u00f1os Sin Colegio | CAPP","description":"En Gaza, 420.000 ni\u00f1os y ni\u00f1as llevan tres a\u00f1os sin colegio. Descubre la crisis educativa palestina y c\u00f3mo ayudar con la campa\u00f1a Vuelta al Cole de CAPP.","robots":{"index":"index","follow":"follow","max-snippet":"max-snippet:-1","max-image-preview":"max-image-preview:large","max-video-preview":"max-video-preview:-1"},"canonical":"https:\/\/fundcapp.org\/es\/gaza-educacion-vuelta-al-cole\/","og_locale":"es_ES","og_type":"article","og_title":"Gaza: tres a\u00f1os sin colegio para 700.000 ni\u00f1os y ni\u00f1as palestinos","og_description":"En Gaza, 420.000 ni\u00f1os y ni\u00f1as llevan tres a\u00f1os sin colegio. Descubre la crisis educativa palestina y c\u00f3mo ayudar con la campa\u00f1a Vuelta al Cole de CAPP.","og_url":"https:\/\/fundcapp.org\/es\/gaza-educacion-vuelta-al-cole\/","og_site_name":"Fundaci\u00f3n Comit\u00e9 de Apoyo al Pueblo Palestino","article_published_time":"2026-09-03T13:46:05+00:00","article_modified_time":"2026-09-03T13:49:22+00:00","og_image":[{"width":1080,"height":1350,"url":"https:\/\/fundcapp.org\/es\/wp-content\/uploads\/2026\/09\/vuelta-al-cole-capp.jpg","type":"image\/jpeg"}],"author":"Fundcapp","twitter_card":"summary_large_image","twitter_misc":{"Escrito por":"Fundcapp","Tiempo de lectura":"6 minutos"},"schema":{"@context":"https:\/\/schema.org","@graph":[{"@type":"Article","@id":"https:\/\/fundcapp.org\/es\/gaza-educacion-vuelta-al-cole\/#article","isPartOf":{"@id":"https:\/\/fundcapp.org\/es\/gaza-educacion-vuelta-al-cole\/"},"author":{"name":"Fundcapp","@id":"https:\/\/fundcapp.org\/es\/#\/schema\/person\/562506461bfa4aba692df42665d6a1f9"},"headline":"Gaza: tres a\u00f1os sin colegio para 700.000 ni\u00f1os y ni\u00f1as palestinos","datePublished":"2026-09-03T13:46:05+00:00","dateModified":"2026-09-03T13:49:22+00:00","mainEntityOfPage":{"@id":"https:\/\/fundcapp.org\/es\/gaza-educacion-vuelta-al-cole\/"},"wordCount":1233,"commentCount":0,"publisher":{"@id":"https:\/\/fundcapp.org\/es\/#organization"},"image":{"@id":"https:\/\/fundcapp.org\/es\/gaza-educacion-vuelta-al-cole\/#primaryimage"},"thumbnailUrl":"https:\/\/fundcapp.org\/es\/wp-content\/uploads\/2026\/09\/vuelta-al-cole-capp.jpg","articleSection":["Actualidad","Campa\u00f1as"],"inLanguage":"es","potentialAction":[{"@type":"CommentAction","name":"Comment","target":["https:\/\/fundcapp.org\/es\/gaza-educacion-vuelta-al-cole\/#respond"]}]},{"@type":"WebPage","@id":"https:\/\/fundcapp.org\/es\/gaza-educacion-vuelta-al-cole\/","url":"https:\/\/fundcapp.org\/es\/gaza-educacion-vuelta-al-cole\/","name":"Educaci\u00f3n en Gaza: 420.000 Ni\u00f1os Sin Colegio | CAPP","isPartOf":{"@id":"https:\/\/fundcapp.org\/es\/#website"},"primaryImageOfPage":{"@id":"https:\/\/fundcapp.org\/es\/gaza-educacion-vuelta-al-cole\/#primaryimage"},"image":{"@id":"https:\/\/fundcapp.org\/es\/gaza-educacion-vuelta-al-cole\/#primaryimage"},"thumbnailUrl":"https:\/\/fundcapp.org\/es\/wp-content\/uploads\/2026\/09\/vuelta-al-cole-capp.jpg","datePublished":"2026-09-03T13:46:05+00:00","dateModified":"2026-09-03T13:49:22+00:00","description":"En Gaza, 420.000 ni\u00f1os y ni\u00f1as llevan tres a\u00f1os sin colegio. Descubre la crisis educativa palestina y c\u00f3mo ayudar con la campa\u00f1a Vuelta al Cole de CAPP.","breadcrumb":{"@id":"https:\/\/fundcapp.org\/es\/gaza-educacion-vuelta-al-cole\/#breadcrumb"},"inLanguage":"es","potentialAction":[{"@type":"ReadAction","target":["https:\/\/fundcapp.org\/es\/gaza-educacion-vuelta-al-cole\/"]}]},{"@type":"ImageObject","inLanguage":"es","@id":"https:\/\/fundcapp.org\/es\/gaza-educacion-vuelta-al-cole\/#primaryimage","url":"https:\/\/fundcapp.org\/es\/wp-content\/uploads\/2026\/09\/vuelta-al-cole-capp.jpg","contentUrl":"https:\/\/fundcapp.org\/es\/wp-content\/uploads\/2026\/09\/vuelta-al-cole-capp.jpg","width":1080,"height":1350,"caption":"Infograf\u00eda de la campa\u00f1a Vuelta al Cole de Fundaci\u00f3n CAPP: 420.000 ni\u00f1os y ni\u00f1as de Gaza sin educaci\u00f3n presencial y el 98% de las escuelas da\u00f1adas"},{"@type":"BreadcrumbList","@id":"https:\/\/fundcapp.org\/es\/gaza-educacion-vuelta-al-cole\/#breadcrumb","itemListElement":[{"@type":"ListItem","position":1,"name":"Home","item":"https:\/\/fundcapp.org\/es\/"},{"@type":"ListItem","position":2,"name":"Gaza: tres a\u00f1os sin colegio para 700.000 ni\u00f1os y ni\u00f1as palestinos"}]},{"@type":"WebSite","@id":"https:\/\/fundcapp.org\/es\/#website","url":"https:\/\/fundcapp.org\/es\/","name":"Fundaci\u00f3n Comit\u00e9 de Apoyo al Pueblo Palestino","description":"","publisher":{"@id":"https:\/\/fundcapp.org\/es\/#organization"},"potentialAction":[{"@type":"SearchAction","target":{"@type":"EntryPoint","urlTemplate":"https:\/\/fundcapp.org\/es\/?s={search_term_string}"},"query-input":{"@type":"PropertyValueSpecification","valueRequired":true,"valueName":"search_term_string"}}],"inLanguage":"es"},{"@type":"Organization","@id":"https:\/\/fundcapp.org\/es\/#organization","name":"Fundaci\u00f3n Comit\u00e9 de Apoyo al Pueblo Palestino","url":"https:\/\/fundcapp.org\/es\/","logo":{"@type":"ImageObject","inLanguage":"es","@id":"https:\/\/fundcapp.org\/es\/#\/schema\/logo\/image\/","url":"https:\/\/fundcapp.org\/es\/wp-content\/uploads\/2026\/01\/CAPPLogo.png","contentUrl":"https:\/\/fundcapp.org\/es\/wp-content\/uploads\/2026\/01\/CAPPLogo.png","width":138,"height":100,"caption":"Fundaci\u00f3n Comit\u00e9 de Apoyo al Pueblo Palestino"},"image":{"@id":"https:\/\/fundcapp.org\/es\/#\/schema\/logo\/image\/"}},{"@type":"Person","@id":"https:\/\/fundcapp.org\/es\/#\/schema\/person\/562506461bfa4aba692df42665d6a1f9","name":"Fundcapp","image":{"@type":"ImageObject","inLanguage":"es","@id":"https:\/\/secure.gravatar.com\/avatar\/18bd86158028f5b236e029fb83febaf6dcfb9c45b647576dc8df486a6b6a8654?s=96&d=mm&r=g","url":"https:\/\/secure.gravatar.com\/avatar\/18bd86158028f5b236e029fb83febaf6dcfb9c45b647576dc8df486a6b6a8654?s=96&d=mm&r=g","contentUrl":"https:\/\/secure.gravatar.com\/avatar\/18bd86158028f5b236e029fb83febaf6dcfb9c45b647576dc8df486a6b6a8654?s=96&d=mm&r=g","caption":"Fundcapp"},"url":"https:\/\/fundcapp.org\/es\/author\/fundcapp\/"}]}},"_links":{"self":[{"href":"https:\/\/fundcapp.org\/es\/wp-json\/wp\/v2\/posts\/3529","targetHints":{"allow":["GET"]}}],"collection":[{"href":"https:\/\/fundcapp.org\/es\/wp-json\/wp\/v2\/posts"}],"about":[{"href":"https:\/\/fundcapp.org\/es\/wp-json\/wp\/v2\/types\/post"}],"author":[{"embeddable":true,"href":"https:\/\/fundcapp.org\/es\/wp-json\/wp\/v2\/users\/3"}],"replies":[{"embeddable":true,"href":"https:\/\/fundcapp.org\/es\/wp-json\/wp\/v2\/comments?post=3529"}],"version-history":[{"count":1,"href":"https:\/\/fundcapp.org\/es\/wp-json\/wp\/v2\/posts\/3529\/revisions"}],"predecessor-version":[{"id":3532,"href":"https:\/\/fundcapp.org\/es\/wp-json\/wp\/v2\/posts\/3529\/revisions\/3532"}],"wp:featuredmedia":[{"embeddable":true,"href":"https:\/\/fundcapp.org\/es\/wp-json\/wp\/v2\/media\/3531"}],"wp:attachment":[{"href":"https:\/\/fundcapp.org\/es\/wp-json\/wp\/v2\/media?parent=3529"}],"wp:term":[{"taxonomy":"category","embeddable":true,"href":"https:\/\/fundcapp.org\/es\/wp-json\/wp\/v2\/categories?post=3529"},{"taxonomy":"post_tag","embeddable":true,"href":"https:\/\/fundcapp.org\/es\/wp-json\/wp\/v2\/tags?post=3529"}],"curies":[{"name":"wp","href":"https:\/\/api.w.org\/{rel}","templated":true}]}}